{"id":5381,"date":"2024-09-20T11:54:30","date_gmt":"2024-09-20T11:54:30","guid":{"rendered":"https:\/\/anteja-ecg.com\/?p=5381"},"modified":"2024-09-23T09:06:46","modified_gmt":"2024-09-23T09:06:46","slug":"krozno-biogospodarstvo","status":"publish","type":"post","link":"https:\/\/anteja-ecg.com\/de\/krozno-biogospodarstvo\/","title":{"rendered":"Kro\u017eno biogospodarstvo: Razcvet ali zaton kro\u017enih investicij?"},"content":{"rendered":"\n<div class=\"wp-block-group is-vertical is-content-justification-left is-layout-flex wp-container-core-group-is-layout-1 wp-block-group-is-layout-flex\">\n<p>\u010cetrtek, 26 september 2024<\/p>\n\n\n\n<p>08:30&nbsp;&nbsp;12:00<\/p>\n\n\n\n<p><a href=\"http:\/\/www.google.com\/calendar\/event?action=TEMPLATE&amp;text=Nacionalno%20Biogospodarsko%20Sti%C4%8Di%C5%A1%C4%8De%20%20Kro%C5%BEno%20biogospodarstvo%3A%20Razcvet%20ali%20zaton%20kro%C5%BEnih%20investicij%3F&amp;dates=20240926T070000Z\/20240926T093000Z\">Google Calendar<\/a>&nbsp;&nbsp;<a href=\"https:\/\/www.circularchange.com\/events-cc\/2024\/9\/26\/slovensko-biogospodarsko-stiie-krono-biogospodarstvo-razcvet-ali-zaton-kronih-investicij?format=ical\">ICS<\/a><\/p>\n\n\n\n<p>&#8211;<\/p>\n\n\n\n<div class=\"wp-block-buttons is-content-justification-center is-layout-flex wp-container-core-buttons-is-layout-1 wp-block-buttons-is-layout-flex\">\n<div class=\"wp-block-button\"><a class=\"wp-block-button__link wp-element-button\" href=\"https:\/\/forms.gle\/aMQvsxxtbtujd3fPA\" target=\"_blank\" rel=\"noreferrer noopener\"><strong>PRIJAVITE SE<\/strong><\/a><\/div>\n<\/div>\n<\/div>\n\n\n\n<p>Vabljeni na leto\u0161nji drugi dogodek Nacionalega sti\u010di\u0161\u010da za biogospodarstvo z naslovom: Kro\u017eno biogospodarstvo: Razcvet ali zaton kro\u017enih investicij?<\/p>\n\n\n\n<p><strong>\u010cetrtek, 26. september 2024, 8:30 &#8211; 12:00,<\/strong><a href=\"https:\/\/maps.app.goo.gl\/ASxdQZegnTxVZD2dA\"><strong> Center Rog<\/strong><\/a><strong>, Ljubljana &#8211; konferen\u010dna dvorana<\/strong><\/p>\n\n\n\n<p id=\"yui_3_17_2_1_1726830949904_206\"><a href=\"https:\/\/www.circularchange.com\/news-cc\/2024\/5\/31\/first-event-of-2025-for-slovenian-bioeconomy-hub\"><strong>Prvo sre\u010danje<\/strong><\/a> je bilo osredoto\u010deno na javno financiranje in na\u010dine financiranja re\u0161itev v kro\u017enem biogospodarstvu, tokrat pa bodo v ospredju zasebne investicije v kro\u017eno biogospodarstvo. Fokus bo na neizkori\u0161\u010denih prilo\u017enostih v Sloveniji in potencialih za snovanje novih kro\u017enih verig vrednosti.<\/p>\n\n\n\n<p>Povezati \u017eelimo manj vidne dele\u017enike v biogospodarstvu z zasebinimi investitorji in bankami. Predstavili bomo konketne poslovne prakse na podro\u010dju kro\u017enega biogospodarstva, ki so zrele za investicije. Dogodek organiziramo v sodelovanju z Nem\u0161ko gospodarsko zbornico, ki jo zastopa tudi osrednji govornik &#8211; Simon Franko, generalni direktor, BASF Slovenija, Hrva\u0161ka in Srbija.<\/p>\n\n\n\n<p>Cilj sre\u010danja je spodbuditi u\u010dinkovito sodelovanje med predstavniki kapitala in podjetji. Razpravljali bomo o tem, zakaj v Sloveniji \u0161e vedno obstajajo ovire za u\u010dinkovito financiranje inovativnih re\u0161itev, ki bi lahko pospe\u0161ile preboj slovenskega gospodarstva, krepile njegovo odpornost, mednarodno konkuren\u010dnost in trajnost. Kaj danes ponujajo banke in drugi viri financiranja, kaj potrebujejo podjetja in zakaj se ti dve strani pogosto ne uskladita.<\/p>\n\n\n\n<p><strong>Program<\/strong><\/p>\n\n\n\n<ul class=\"wp-block-list\">\n<li>8.30 &#8211; 9.00 &#8211; Jutranja kava in registracija<\/li>\n\n\n\n<li>9.00 &#8211; 9.15 &#8211; Uvodni pozdravi in kratka predstavitev Sti\u010di\u0161\u010da &#8211; Miha \u0160krokov (<a href=\"https:\/\/anteja-ecg.com\/\">Anteja ECG<\/a>), Mario Ple\u0161ej (<a href=\"https:\/\/www.gov.si\/en\/state-authorities\/ministries\/ministry-of-agriculture-forestry-and-food\/\">MKGP<\/a>), Alenka Dov\u010d (<a href=\"https:\/\/www.gzs.si\/\">GZS<\/a>), in Ladeja Godina Ko\u0161ir (<a href=\"https:\/\/www.circularchange.com\/\">Circular Change<\/a>)<\/li>\n\n\n\n<li>9.15 &#8211; 9.45 &#8211; \u201cPrilo\u017enosti v slovenskem biogospodarstvu\u201d- Mateja Dermastia (Anteja ECG)<\/li>\n<\/ul>\n\n\n\n<ul class=\"wp-block-list\">\n<li>9.45 &#8211; 10.05 &#8211; Simon Franko (<a href=\"https:\/\/www.basf.com\/si\/sl\">BASF<\/a>)<\/li>\n\n\n\n<li>10.05 &#8211; 10.25 &#8211; \u201cZasebno financiranje iz tujine\u201d Clara Martinez, ECBF (<a href=\"https:\/\/www.ecbf.vc\/\">European Circular Bioeconomy Fund<\/a>)<\/li>\n\n\n\n<li>10.25 &#8211; 11.20 &#8211; Panel \u201cKro\u017eno biogospodarstvo: Razcvet ali zaton kro\u017enih investicij?\u201d\n<ul class=\"wp-block-list\">\n<li>Vabljeni predstaviki podjetij: Toni Bala\u017ei\u010d (<a href=\"https:\/\/www.panvita.si\/\">Panvita<\/a>), Simon Franko (BASF), Bla\u017e Medja (<a href=\"https:\/\/pivovarnalaskounion.com\/\">Pivovarna La\u0161ko Union &#8211; Heineken<\/a>).<\/li>\n\n\n\n<li>Vabljeni predstavniki finan\u010dnih institucij: Clara Martinez (ECBF), Alenka Recelj Mercina (<a href=\"https:\/\/www.nlb.si\/\">NLB<\/a>), Nina Dremelj (<a href=\"https:\/\/vesnavc.com\/\">Vesna VC<\/a>).<\/li>\n<\/ul>\n<\/li>\n\n\n\n<li>11.20 &#8211; 11.30 &#8211; Zaklju\u010dki in povzetek<\/li>\n\n\n\n<li>11.30 &#8211; 12.00 &#8211; Networking ob prigrizkih<\/li>\n<\/ul>\n\n\n\n<p>Lokacija dogodka: <a href=\"https:\/\/maps.app.goo.gl\/ASxdQZegnTxVZD2dA\">Konfere\u010dna Dvorana &#8211; Center Rog, Ljubljana, 2. nadstropje<\/a><\/p>\n\n\n\n<p>Va\u0161e sodelovanje pri oblikovanju prihodnosti kro\u017enega biogospodarstva v Sloveniji je klju\u010dnega pomena. Pridru\u017eite se nam, da bomo skupaj hitreje ustvarili okolje, kjer bodo inovativne re\u0161itve na\u0161le ustreznno podporo in financiranje. Hvala za udele\u017ebo.<\/p>\n\n\n\n<p><strong>Prijavite se \u010dim prej, saj je \u0161tevilo mest omejeno!<\/strong><\/p>\n\n\n\n<p>Za ve\u010d informacij: <strong>marco@circularchange.com<\/strong> ali <strong>miha.skrokov@anteja-ecg.com<\/strong>.<\/p>\n\n\n\n<div class=\"wp-block-buttons is-content-justification-center is-layout-flex wp-container-core-buttons-is-layout-2 wp-block-buttons-is-layout-flex\">\n<div class=\"wp-block-button\"><a class=\"wp-block-button__link wp-element-button\" href=\"https:\/\/forms.gle\/aMQvsxxtbtujd3fPA\" target=\"_blank\" rel=\"noreferrer noopener\"><strong>PRIJAVITE SE<\/strong><\/a><\/div>\n<\/div>\n\n\n\n<p><\/p>\n\n\n<div class=\"wp-block-image\">\n<figure class=\"aligncenter size-large is-resized\"><img fetchpriority=\"high\" decoding=\"async\" width=\"1024\" height=\"578\" src=\"https:\/\/anteja-ecg.com\/wp-content\/uploads\/2024\/09\/Screenshot-2024-09-20-at-14.05.13-1024x578.jpg\" alt=\"\" class=\"wp-image-5391\" style=\"width:857px;height:auto\" srcset=\"https:\/\/anteja-ecg.com\/wp-content\/uploads\/2024\/09\/Screenshot-2024-09-20-at-14.05.13-1024x578.jpg 1024w, https:\/\/anteja-ecg.com\/wp-content\/uploads\/2024\/09\/Screenshot-2024-09-20-at-14.05.13-300x169.jpg 300w, https:\/\/anteja-ecg.com\/wp-content\/uploads\/2024\/09\/Screenshot-2024-09-20-at-14.05.13-768x434.jpg 768w, https:\/\/anteja-ecg.com\/wp-content\/uploads\/2024\/09\/Screenshot-2024-09-20-at-14.05.13.jpg 1272w\" sizes=\"(max-width: 1024px) 100vw, 1024px\" \/><\/figure><\/div>","protected":false},"excerpt":{"rendered":"<p>\u010cetrtek, 26 september 2024 08:30&nbsp;&nbsp;12:00 Google Calendar&nbsp;&nbsp;ICS &#8211; Vabljeni na leto\u0161nji drugi dogodek Nacionalega sti\u010di\u0161\u010da za biogospodarstvo z naslovom: Kro\u017eno biogospodarstvo: Razcvet ali zaton kro\u017enih investicij? \u010cetrtek, 26. september 2024, 8:30 &#8211; 12:00, Center Rog, Ljubljana &#8211; konferen\u010dna dvorana Prvo sre\u010danje je bilo osredoto\u010deno na javno financiranje in na\u010dine financiranja re\u0161itev v kro\u017enem biogospodarstvu, tokrat [&hellip;]<\/p>\n","protected":false},"author":7,"featured_media":5382,"comment_status":"open","ping_status":"open","sticky":false,"template":"","format":"standard","meta":{"_acf_changed":false,"iawp_total_views":61,"footnotes":""},"categories":[1],"tags":[],"class_list":["post-5381","post","type-post","status-publish","format-standard","has-post-thumbnail","hentry","category-blog"],"acf":[],"yoast_head":"<!-- This site is optimized with the Yoast SEO plugin v25.2 - https:\/\/yoast.com\/wordpress\/plugins\/seo\/ -->\n<title>Kro\u017eno biogospodarstvo: Razcvet ali zaton kro\u017enih investicij?<\/title>\n<meta name=\"description\" content=\"Vabljeni na leto\u0161nji drugi dogodek Nacionalega sti\u010di\u0161\u010da za biogospodarstvo kjer bomo govorili o zasebnih investicijah v kro\u017eno biogospodarstvo.\" \/>\n<meta name=\"robots\" content=\"index, follow, max-snippet:-1, max-image-preview:large, max-video-preview:-1\" \/>\n<link rel=\"canonical\" href=\"https:\/\/anteja-ecg.com\/de\/krozno-biogospodarstvo\/\" \/>\n<meta property=\"og:locale\" content=\"de_DE\" \/>\n<meta property=\"og:type\" content=\"article\" \/>\n<meta property=\"og:title\" content=\"Kro\u017eno biogospodarstvo: Razcvet ali zaton kro\u017enih investicij?\" \/>\n<meta property=\"og:description\" content=\"Vabljeni na leto\u0161nji drugi dogodek Nacionalega sti\u010di\u0161\u010da za biogospodarstvo kjer bomo govorili o zasebnih investicijah v kro\u017eno biogospodarstvo.\" \/>\n<meta property=\"og:url\" content=\"https:\/\/anteja-ecg.com\/de\/krozno-biogospodarstvo\/\" \/>\n<meta property=\"og:site_name\" content=\"Anteja\" \/>\n<meta property=\"article:published_time\" content=\"2024-09-20T11:54:30+00:00\" \/>\n<meta property=\"article:modified_time\" content=\"2024-09-23T09:06:46+00:00\" \/>\n<meta property=\"og:image\" content=\"https:\/\/anteja-ecg.com\/wp-content\/uploads\/2024\/09\/B4B-Banner-panel-1.jpg\" \/>\n\t<meta property=\"og:image:width\" content=\"1200\" \/>\n\t<meta property=\"og:image:height\" content=\"1200\" \/>\n\t<meta property=\"og:image:type\" content=\"image\/jpeg\" \/>\n<meta name=\"author\" content=\"Maja Berden Zrimec\" \/>\n<meta name=\"twitter:card\" content=\"summary_large_image\" \/>\n<meta name=\"twitter:creator\" content=\"@antejaecg\" \/>\n<meta name=\"twitter:site\" content=\"@antejaecg\" \/>\n<meta name=\"twitter:label1\" content=\"Verfasst von\" \/>\n\t<meta name=\"twitter:data1\" content=\"Maja Berden Zrimec\" \/>\n\t<meta name=\"twitter:label2\" content=\"Gesch\u00e4tzte Lesezeit\" \/>\n\t<meta name=\"twitter:data2\" content=\"2\u00a0Minuten\" \/>\n<script type=\"application\/ld+json\" class=\"yoast-schema-graph\">{\"@context\":\"https:\/\/schema.org\",\"@graph\":[{\"@type\":\"Article\",\"@id\":\"https:\/\/anteja-ecg.com\/de\/krozno-biogospodarstvo\/#article\",\"isPartOf\":{\"@id\":\"https:\/\/anteja-ecg.com\/de\/krozno-biogospodarstvo\/\"},\"author\":{\"name\":\"Maja Berden Zrimec\",\"@id\":\"https:\/\/anteja-ecg.com\/de\/#\/schema\/person\/184091f07d1d375d9658e4232b98134e\"},\"headline\":\"Kro\u017eno biogospodarstvo: Razcvet ali zaton kro\u017enih investicij?\",\"datePublished\":\"2024-09-20T11:54:30+00:00\",\"dateModified\":\"2024-09-23T09:06:46+00:00\",\"mainEntityOfPage\":{\"@id\":\"https:\/\/anteja-ecg.com\/de\/krozno-biogospodarstvo\/\"},\"wordCount\":420,\"commentCount\":0,\"publisher\":{\"@id\":\"https:\/\/anteja-ecg.com\/de\/#organization\"},\"image\":{\"@id\":\"https:\/\/anteja-ecg.com\/de\/krozno-biogospodarstvo\/#primaryimage\"},\"thumbnailUrl\":\"https:\/\/anteja-ecg.com\/wp-content\/uploads\/2024\/09\/B4B-Banner-panel-1.jpg\",\"articleSection\":[\"Blog\"],\"inLanguage\":\"de\"},{\"@type\":\"WebPage\",\"@id\":\"https:\/\/anteja-ecg.com\/de\/krozno-biogospodarstvo\/\",\"url\":\"https:\/\/anteja-ecg.com\/de\/krozno-biogospodarstvo\/\",\"name\":\"Kro\u017eno biogospodarstvo: Razcvet ali zaton kro\u017enih investicij?\",\"isPartOf\":{\"@id\":\"https:\/\/anteja-ecg.com\/de\/#website\"},\"primaryImageOfPage\":{\"@id\":\"https:\/\/anteja-ecg.com\/de\/krozno-biogospodarstvo\/#primaryimage\"},\"image\":{\"@id\":\"https:\/\/anteja-ecg.com\/de\/krozno-biogospodarstvo\/#primaryimage\"},\"thumbnailUrl\":\"https:\/\/anteja-ecg.com\/wp-content\/uploads\/2024\/09\/B4B-Banner-panel-1.jpg\",\"datePublished\":\"2024-09-20T11:54:30+00:00\",\"dateModified\":\"2024-09-23T09:06:46+00:00\",\"description\":\"Vabljeni na leto\u0161nji drugi dogodek Nacionalega sti\u010di\u0161\u010da za biogospodarstvo kjer bomo govorili o zasebnih investicijah v kro\u017eno biogospodarstvo.\",\"breadcrumb\":{\"@id\":\"https:\/\/anteja-ecg.com\/de\/krozno-biogospodarstvo\/#breadcrumb\"},\"inLanguage\":\"de\",\"potentialAction\":[{\"@type\":\"ReadAction\",\"target\":[\"https:\/\/anteja-ecg.com\/de\/krozno-biogospodarstvo\/\"]}]},{\"@type\":\"ImageObject\",\"inLanguage\":\"de\",\"@id\":\"https:\/\/anteja-ecg.com\/de\/krozno-biogospodarstvo\/#primaryimage\",\"url\":\"https:\/\/anteja-ecg.com\/wp-content\/uploads\/2024\/09\/B4B-Banner-panel-1.jpg\",\"contentUrl\":\"https:\/\/anteja-ecg.com\/wp-content\/uploads\/2024\/09\/B4B-Banner-panel-1.jpg\",\"width\":1200,\"height\":1200},{\"@type\":\"BreadcrumbList\",\"@id\":\"https:\/\/anteja-ecg.com\/de\/krozno-biogospodarstvo\/#breadcrumb\",\"itemListElement\":[{\"@type\":\"ListItem\",\"position\":1,\"name\":\"Home\",\"item\":\"https:\/\/anteja-ecg.com\/de\/\"},{\"@type\":\"ListItem\",\"position\":2,\"name\":\"Kro\u017eno biogospodarstvo: Razcvet ali zaton kro\u017enih investicij?\"}]},{\"@type\":\"WebSite\",\"@id\":\"https:\/\/anteja-ecg.com\/de\/#website\",\"url\":\"https:\/\/anteja-ecg.com\/de\/\",\"name\":\"Anteja\",\"description\":\"\",\"publisher\":{\"@id\":\"https:\/\/anteja-ecg.com\/de\/#organization\"},\"potentialAction\":[{\"@type\":\"SearchAction\",\"target\":{\"@type\":\"EntryPoint\",\"urlTemplate\":\"https:\/\/anteja-ecg.com\/de\/?s={search_term_string}\"},\"query-input\":{\"@type\":\"PropertyValueSpecification\",\"valueRequired\":true,\"valueName\":\"search_term_string\"}}],\"inLanguage\":\"de\"},{\"@type\":\"Organization\",\"@id\":\"https:\/\/anteja-ecg.com\/de\/#organization\",\"name\":\"Anteja\",\"url\":\"https:\/\/anteja-ecg.com\/de\/\",\"logo\":{\"@type\":\"ImageObject\",\"inLanguage\":\"de\",\"@id\":\"https:\/\/anteja-ecg.com\/de\/#\/schema\/logo\/image\/\",\"url\":\"https:\/\/anteja-ecg.com\/wp-content\/uploads\/2022\/06\/anteja-logo-outlines.svg\",\"contentUrl\":\"https:\/\/anteja-ecg.com\/wp-content\/uploads\/2022\/06\/anteja-logo-outlines.svg\",\"width\":290,\"height\":106,\"caption\":\"Anteja\"},\"image\":{\"@id\":\"https:\/\/anteja-ecg.com\/de\/#\/schema\/logo\/image\/\"},\"sameAs\":[\"https:\/\/x.com\/antejaecg\",\"https:\/\/www.linkedin.com\/company\/anteja-ecg\"]},{\"@type\":\"Person\",\"@id\":\"https:\/\/anteja-ecg.com\/de\/#\/schema\/person\/184091f07d1d375d9658e4232b98134e\",\"name\":\"Maja Berden Zrimec\",\"image\":{\"@type\":\"ImageObject\",\"inLanguage\":\"de\",\"@id\":\"https:\/\/anteja-ecg.com\/de\/#\/schema\/person\/image\/\",\"url\":\"https:\/\/secure.gravatar.com\/avatar\/33bfa6e7c84f94c3a1745b71badaefa6?s=96&r=g\",\"contentUrl\":\"https:\/\/secure.gravatar.com\/avatar\/33bfa6e7c84f94c3a1745b71badaefa6?s=96&r=g\",\"caption\":\"Maja Berden Zrimec\"},\"url\":\"https:\/\/anteja-ecg.com\/de\/author\/maja\/\"}]}<\/script>\n<!-- \/ Yoast SEO plugin. -->","yoast_head_json":{"title":"Kro\u017eno biogospodarstvo: Razcvet ali zaton kro\u017enih investicij?","description":"Vabljeni na leto\u0161nji drugi dogodek Nacionalega sti\u010di\u0161\u010da za biogospodarstvo kjer bomo govorili o zasebnih investicijah v kro\u017eno biogospodarstvo.","robots":{"index":"index","follow":"follow","max-snippet":"max-snippet:-1","max-image-preview":"max-image-preview:large","max-video-preview":"max-video-preview:-1"},"canonical":"https:\/\/anteja-ecg.com\/de\/krozno-biogospodarstvo\/","og_locale":"de_DE","og_type":"article","og_title":"Kro\u017eno biogospodarstvo: Razcvet ali zaton kro\u017enih investicij?","og_description":"Vabljeni na leto\u0161nji drugi dogodek Nacionalega sti\u010di\u0161\u010da za biogospodarstvo kjer bomo govorili o zasebnih investicijah v kro\u017eno biogospodarstvo.","og_url":"https:\/\/anteja-ecg.com\/de\/krozno-biogospodarstvo\/","og_site_name":"Anteja","article_published_time":"2024-09-20T11:54:30+00:00","article_modified_time":"2024-09-23T09:06:46+00:00","og_image":[{"width":1200,"height":1200,"url":"https:\/\/anteja-ecg.com\/wp-content\/uploads\/2024\/09\/B4B-Banner-panel-1.jpg","type":"image\/jpeg"}],"author":"Maja Berden Zrimec","twitter_card":"summary_large_image","twitter_creator":"@antejaecg","twitter_site":"@antejaecg","twitter_misc":{"Verfasst von":"Maja Berden Zrimec","Gesch\u00e4tzte Lesezeit":"2\u00a0Minuten"},"schema":{"@context":"https:\/\/schema.org","@graph":[{"@type":"Article","@id":"https:\/\/anteja-ecg.com\/de\/krozno-biogospodarstvo\/#article","isPartOf":{"@id":"https:\/\/anteja-ecg.com\/de\/krozno-biogospodarstvo\/"},"author":{"name":"Maja Berden Zrimec","@id":"https:\/\/anteja-ecg.com\/de\/#\/schema\/person\/184091f07d1d375d9658e4232b98134e"},"headline":"Kro\u017eno biogospodarstvo: Razcvet ali zaton kro\u017enih investicij?","datePublished":"2024-09-20T11:54:30+00:00","dateModified":"2024-09-23T09:06:46+00:00","mainEntityOfPage":{"@id":"https:\/\/anteja-ecg.com\/de\/krozno-biogospodarstvo\/"},"wordCount":420,"commentCount":0,"publisher":{"@id":"https:\/\/anteja-ecg.com\/de\/#organization"},"image":{"@id":"https:\/\/anteja-ecg.com\/de\/krozno-biogospodarstvo\/#primaryimage"},"thumbnailUrl":"https:\/\/anteja-ecg.com\/wp-content\/uploads\/2024\/09\/B4B-Banner-panel-1.jpg","articleSection":["Blog"],"inLanguage":"de"},{"@type":"WebPage","@id":"https:\/\/anteja-ecg.com\/de\/krozno-biogospodarstvo\/","url":"https:\/\/anteja-ecg.com\/de\/krozno-biogospodarstvo\/","name":"Kro\u017eno biogospodarstvo: Razcvet ali zaton kro\u017enih investicij?","isPartOf":{"@id":"https:\/\/anteja-ecg.com\/de\/#website"},"primaryImageOfPage":{"@id":"https:\/\/anteja-ecg.com\/de\/krozno-biogospodarstvo\/#primaryimage"},"image":{"@id":"https:\/\/anteja-ecg.com\/de\/krozno-biogospodarstvo\/#primaryimage"},"thumbnailUrl":"https:\/\/anteja-ecg.com\/wp-content\/uploads\/2024\/09\/B4B-Banner-panel-1.jpg","datePublished":"2024-09-20T11:54:30+00:00","dateModified":"2024-09-23T09:06:46+00:00","description":"Vabljeni na leto\u0161nji drugi dogodek Nacionalega sti\u010di\u0161\u010da za biogospodarstvo kjer bomo govorili o zasebnih investicijah v kro\u017eno biogospodarstvo.","breadcrumb":{"@id":"https:\/\/anteja-ecg.com\/de\/krozno-biogospodarstvo\/#breadcrumb"},"inLanguage":"de","potentialAction":[{"@type":"ReadAction","target":["https:\/\/anteja-ecg.com\/de\/krozno-biogospodarstvo\/"]}]},{"@type":"ImageObject","inLanguage":"de","@id":"https:\/\/anteja-ecg.com\/de\/krozno-biogospodarstvo\/#primaryimage","url":"https:\/\/anteja-ecg.com\/wp-content\/uploads\/2024\/09\/B4B-Banner-panel-1.jpg","contentUrl":"https:\/\/anteja-ecg.com\/wp-content\/uploads\/2024\/09\/B4B-Banner-panel-1.jpg","width":1200,"height":1200},{"@type":"BreadcrumbList","@id":"https:\/\/anteja-ecg.com\/de\/krozno-biogospodarstvo\/#breadcrumb","itemListElement":[{"@type":"ListItem","position":1,"name":"Home","item":"https:\/\/anteja-ecg.com\/de\/"},{"@type":"ListItem","position":2,"name":"Kro\u017eno biogospodarstvo: Razcvet ali zaton kro\u017enih investicij?"}]},{"@type":"WebSite","@id":"https:\/\/anteja-ecg.com\/de\/#website","url":"https:\/\/anteja-ecg.com\/de\/","name":"Anteja","description":"","publisher":{"@id":"https:\/\/anteja-ecg.com\/de\/#organization"},"potentialAction":[{"@type":"SearchAction","target":{"@type":"EntryPoint","urlTemplate":"https:\/\/anteja-ecg.com\/de\/?s={search_term_string}"},"query-input":{"@type":"PropertyValueSpecification","valueRequired":true,"valueName":"search_term_string"}}],"inLanguage":"de"},{"@type":"Organization","@id":"https:\/\/anteja-ecg.com\/de\/#organization","name":"Anteja","url":"https:\/\/anteja-ecg.com\/de\/","logo":{"@type":"ImageObject","inLanguage":"de","@id":"https:\/\/anteja-ecg.com\/de\/#\/schema\/logo\/image\/","url":"https:\/\/anteja-ecg.com\/wp-content\/uploads\/2022\/06\/anteja-logo-outlines.svg","contentUrl":"https:\/\/anteja-ecg.com\/wp-content\/uploads\/2022\/06\/anteja-logo-outlines.svg","width":290,"height":106,"caption":"Anteja"},"image":{"@id":"https:\/\/anteja-ecg.com\/de\/#\/schema\/logo\/image\/"},"sameAs":["https:\/\/x.com\/antejaecg","https:\/\/www.linkedin.com\/company\/anteja-ecg"]},{"@type":"Person","@id":"https:\/\/anteja-ecg.com\/de\/#\/schema\/person\/184091f07d1d375d9658e4232b98134e","name":"Maja Berden Zrimec","image":{"@type":"ImageObject","inLanguage":"de","@id":"https:\/\/anteja-ecg.com\/de\/#\/schema\/person\/image\/","url":"https:\/\/secure.gravatar.com\/avatar\/33bfa6e7c84f94c3a1745b71badaefa6?s=96&r=g","contentUrl":"https:\/\/secure.gravatar.com\/avatar\/33bfa6e7c84f94c3a1745b71badaefa6?s=96&r=g","caption":"Maja Berden Zrimec"},"url":"https:\/\/anteja-ecg.com\/de\/author\/maja\/"}]}},"_links":{"self":[{"href":"https:\/\/anteja-ecg.com\/de\/wp-json\/wp\/v2\/posts\/5381","targetHints":{"allow":["GET"]}}],"collection":[{"href":"https:\/\/anteja-ecg.com\/de\/wp-json\/wp\/v2\/posts"}],"about":[{"href":"https:\/\/anteja-ecg.com\/de\/wp-json\/wp\/v2\/types\/post"}],"author":[{"embeddable":true,"href":"https:\/\/anteja-ecg.com\/de\/wp-json\/wp\/v2\/users\/7"}],"replies":[{"embeddable":true,"href":"https:\/\/anteja-ecg.com\/de\/wp-json\/wp\/v2\/comments?post=5381"}],"version-history":[{"count":9,"href":"https:\/\/anteja-ecg.com\/de\/wp-json\/wp\/v2\/posts\/5381\/revisions"}],"predecessor-version":[{"id":5400,"href":"https:\/\/anteja-ecg.com\/de\/wp-json\/wp\/v2\/posts\/5381\/revisions\/5400"}],"wp:featuredmedia":[{"embeddable":true,"href":"https:\/\/anteja-ecg.com\/de\/wp-json\/wp\/v2\/media\/5382"}],"wp:attachment":[{"href":"https:\/\/anteja-ecg.com\/de\/wp-json\/wp\/v2\/media?parent=5381"}],"wp:term":[{"taxonomy":"category","embeddable":true,"href":"https:\/\/anteja-ecg.com\/de\/wp-json\/wp\/v2\/categories?post=5381"},{"taxonomy":"post_tag","embeddable":true,"href":"https:\/\/anteja-ecg.com\/de\/wp-json\/wp\/v2\/tags?post=5381"}],"curies":[{"name":"wp","href":"https:\/\/api.w.org\/{rel}","templated":true}]}}